[{"@context":"https:\/\/schema.org\/","@type":"Article","@id":"https:\/\/www.eles-solar.cz\/zvolte-si-ty-prave-saty-na-miru-konkretni-udalosti\/#Article","mainEntityOfPage":"https:\/\/www.eles-solar.cz\/zvolte-si-ty-prave-saty-na-miru-konkretni-udalosti\/","headline":"Zvolte si ty prav\u00e9 \u0161aty na m\u00edru konkr\u00e9tn\u00ed ud\u00e1losti","name":"Zvolte si ty prav\u00e9 \u0161aty na m\u00edru konkr\u00e9tn\u00ed ud\u00e1losti","description":"Chyst\u00e1te se na n\u011bjakou spole\u010denskou ud\u00e1lost? V tom p\u0159\u00edpad\u011b je jasn\u00e9, \u017ee p\u00e1tr\u00e1te po vhodn\u00fdch spole\u010densk\u00fdch \u0161atech, ve kter\u00fdch si u dan\u00e9 p\u0159\u00edle\u017eitosti nejen neud\u011bl\u00e1te &hellip; ","datePublished":"2019-02-27","dateModified":"2023-04-27","author":{"@type":"Person","@id":"https:\/\/www.eles-solar.cz\/author\/#Person","name":"eles-solar.cz\n","url":"https:\/\/www.eles-solar.cz\/author\/","identifier":1,"image":{"@type":"ImageObject","@id":"https:\/\/secure.gravatar.com\/avatar\/9bbe1b3bd68cf5b616cc697a459b86e3be4df6c120806baf939f8aad94b0a3d6?s=96&d=mm&r=g","url":"https:\/\/secure.gravatar.com\/avatar\/9bbe1b3bd68cf5b616cc697a459b86e3be4df6c120806baf939f8aad94b0a3d6?s=96&d=mm&r=g","height":96,"width":96}},"publisher":{"@type":"Organization","name":"eles-solar.cz","logo":{"@type":"ImageObject","@id":"\/logo.png","url":"\/logo.png","width":600,"height":60}},"image":{"@type":"ImageObject","@id":"https:\/\/www.eles-solar.cz\/wp-content\/uploads\/img_a339193_w1742_t1552385679.jpg","url":"https:\/\/www.eles-solar.cz\/wp-content\/uploads\/img_a339193_w1742_t1552385679.jpg","height":0,"width":0},"url":"https:\/\/www.eles-solar.cz\/zvolte-si-ty-prave-saty-na-miru-konkretni-udalosti\/","about":["Business"],"wordCount":450,"articleBody":"         Chyst\u00e1te se na n\u011bjakou spole\u010denskou ud\u00e1lost? V tom p\u0159\u00edpad\u011b je jasn\u00e9, \u017ee p\u00e1tr\u00e1te po vhodn\u00fdch spole\u010densk\u00fdch \u0161atech, ve kter\u00fdch si u dan\u00e9 p\u0159\u00edle\u017eitosti nejen neud\u011bl\u00e1te ostudu, ale p\u0159edev\u0161\u00edm v nich zaz\u00e1\u0159\u00edte. A\u0165 u\u017e se chyst\u00e1te na ples, do divadla anebo t\u0159eba na v\u011bne\u010dek do tane\u010dn\u00edch, je jasn\u00e9, \u017ee to, co budete m\u00edt na sob\u011b, bude hr\u00e1t v takov\u00e9m p\u0159\u00edpad\u011b prim.Jak postupovat p\u0159i v\u00fdb\u011bru t\u011bch prav\u00fdch \u0161at\u016f pro v\u00e1s? V prvn\u00ed \u0159ad\u011b si ujasn\u011bte, zda existuje n\u011bjak\u00e9 ofici\u00e1ln\u00ed doporu\u010den\u00ed, co byste p\u0159i takov\u00e9 p\u0159\u00edle\u017eitosti m\u011bla m\u00edt na sob\u011b. Takzvan\u00fd dress code u\u017e nen\u00ed \u017e\u00e1dnou v\u00fdjimkou a m\u016f\u017eete ho o\u010dek\u00e1vat u v\u0161ech v\u00fdznamn\u011bj\u0161\u00edch akc\u00ed. M\u016f\u017ee se tedy st\u00e1t, \u017ee se budete muset poohl\u00e9dnout po \u0161atech ur\u010dit\u00e9 barvy, st\u0159ihu anebo minim\u00e1ln\u011b konkr\u00e9tn\u00ed d\u00e9lky, kter\u00e1 bude odpov\u00eddat v\u00fdznamu akce. Nicm\u00e9n\u011b a\u0165 u\u017e to bude jakkoli, tak plat\u00ed, \u017ee do opery a na ples byste v\u017edy m\u011bla vyrazit v dlouh\u00fdch \u0161atech, na ud\u00e1losti jako je v\u011bne\u010dek \u010di maturitn\u00ed ples lze vyu\u017e\u00edt i \u0161aty s d\u00e9lkou ke kolen\u016fm.Je t\u0159eba n\u00e1sledovat aktu\u00e1ln\u00ed trendy? Z\u00e1le\u017e\u00ed jen na v\u00e1s, jak moc chcete p\u0159i dan\u00e9 spole\u010densk\u00e9 p\u0159\u00edle\u017eitosti zaz\u00e1\u0159it. Pokud chcete ud\u011blat ten nejlep\u0161\u00ed dojem a v\u00edte, \u017ee se o konkr\u00e9tn\u00ed model, jak\u00fd m\u00e1te na sob\u011b, budou v\u0161ichni zaj\u00edmat, pak byste m\u011bla v\u011bd\u011bt, co se aktu\u00e1ln\u011b nos\u00ed, abyste nebyla \u00fapln\u011b mimo. Nicm\u00e9n\u011b mnohem d\u016fle\u017eit\u011bj\u0161\u00ed je, aby v\u00e1m zvolen\u00e9 \u0161aty dokonale padly, co\u017e znamen\u00e1, \u017ee mus\u00ed b\u00fdt na m\u00edru va\u0161im vlastn\u00edm proporc\u00edm. Nikde na v\u00e1s nesm\u00ed nic zbyte\u010dn\u011b p\u0159eb\u00fdvat ani chyb\u011bt, nedostatky skryjte, p\u0159ednosti vyzvedn\u011bte. A nezapome\u0148te na to, \u017ee nejde pouze o st\u0159ih, ale tak\u00e9 o zvolenou barvu.Mus\u00edte si \u0161aty nechat u\u0161\u00edt na m\u00edru? Takov\u00e9 pravidlo neexistuje. Ov\u0161em ka\u017ed\u00e1 \u017eena, kter\u00e1 chce ud\u011blat ten nejlep\u0161\u00ed dojem, a nav\u00edc se nach\u00e1z\u00ed na v\u00fdznamn\u00e9 spole\u010densk\u00e9 akci, by o n\u011b\u010dem takov\u00e9m jist\u011b m\u011bla uva\u017eovat. Nicm\u00e9n\u011b kr\u00e1sn\u00e9 \u0161aty si m\u016f\u017eete i p\u016fj\u010dit v p\u016fj\u010dovn\u011b spole\u010densk\u00fdch \u0161at\u016f Praha. Tato varianta v\u00e1s samoz\u0159ejm\u011b vyjde mnohem levn\u011bji.                                                                                                                                                                                                                                                                                                                                                                                          3.7\/5 - (3 votes)        "},{"@context":"https:\/\/schema.org\/","@type":"BreadcrumbList","itemListElement":[{"@type":"ListItem","position":1,"name":"Zvolte si ty prav\u00e9 \u0161aty na m\u00edru konkr\u00e9tn\u00ed ud\u00e1losti","item":"https:\/\/www.eles-solar.cz\/zvolte-si-ty-prave-saty-na-miru-konkretni-udalosti\/#breadcrumbitem"}]}]