[{"@context":"https:\/\/schema.org\/","@type":"Article","@id":"https:\/\/www.eles-solar.cz\/z-pensionu-loket-za-krasami-historickych-pamatek-mesta\/#Article","mainEntityOfPage":"https:\/\/www.eles-solar.cz\/z-pensionu-loket-za-krasami-historickych-pamatek-mesta\/","headline":"Z pensionu Loket za kr\u00e1sami historick\u00fdch pam\u00e1tek m\u011bsta","name":"Z pensionu Loket za kr\u00e1sami historick\u00fdch pam\u00e1tek m\u011bsta","description":"\u010cesk\u00e1 republika je skute\u010dnou evropskou perlou, o kr\u00e1s\u00e1ch na\u0161\u00ed zem\u011b p\u011bli \u00f3dy mnoz\u00ed v\u00fdznamn\u00ed um\u011blci, mezi nimi i W. A. Mozart a J. W. Goethe. &hellip; ","datePublished":"2019-09-26","dateModified":"2023-04-27","author":{"@type":"Person","@id":"https:\/\/www.eles-solar.cz\/author\/#Person","name":"eles-solar.cz\n","url":"https:\/\/www.eles-solar.cz\/author\/","identifier":1,"image":{"@type":"ImageObject","@id":"https:\/\/secure.gravatar.com\/avatar\/9bbe1b3bd68cf5b616cc697a459b86e3be4df6c120806baf939f8aad94b0a3d6?s=96&d=mm&r=g","url":"https:\/\/secure.gravatar.com\/avatar\/9bbe1b3bd68cf5b616cc697a459b86e3be4df6c120806baf939f8aad94b0a3d6?s=96&d=mm&r=g","height":96,"width":96}},"publisher":{"@type":"Organization","name":"eles-solar.cz","logo":{"@type":"ImageObject","@id":"\/logo.png","url":"\/logo.png","width":600,"height":60}},"image":{"@type":"ImageObject","@id":"https:\/\/www.eles-solar.cz\/wp-content\/uploads\/img_a363280_w1742_t1576060672.png","url":"https:\/\/www.eles-solar.cz\/wp-content\/uploads\/img_a363280_w1742_t1576060672.png","height":0,"width":0},"url":"https:\/\/www.eles-solar.cz\/z-pensionu-loket-za-krasami-historickych-pamatek-mesta\/","about":["Dovolen\u00e1"],"wordCount":443,"articleBody":"      \u010cesk\u00e1 republika je skute\u010dnou evropskou perlou, o kr\u00e1s\u00e1ch na\u0161\u00ed zem\u011b p\u011bli \u00f3dy mnoz\u00ed v\u00fdznamn\u00ed um\u011blci, mezi nimi i W. A. Mozart a J. W. Goethe. Zat\u00edmco hudebn\u00ed skladatel Mozart \u010d\u00e1ste\u010dn\u011b zasv\u011btil sv\u016fj \u017eivot Praze, n\u011bmeck\u00fd prozaik a b\u00e1sn\u00edk velmi \u010dasto nav\u0161t\u011bvoval z\u00e1pado\u010desk\u00e9 l\u00e1zn\u011b a sv\u00e9 kroky zam\u00ed\u0159il i do m\u011bste\u010dka nad \u0159ekou Oh\u0159\u00ed. Jestli\u017ee se nech\u00e1te zl\u00e1kat mimo\u0159\u00e1dn\u00fdm kouzlem tohoto historick\u00e9ho klenotu, m\u016f\u017eete vyu\u017e\u00edt komfortn\u00edho ubytov\u00e1n\u00ed v pensionu Loket na n\u00e1m\u011bst\u00ed T. G. Masaryka a vydat se spolu s n\u00e1mi na okru\u017en\u00ed cestu pod\u00e9l vyhl\u00eddkov\u00fdch m\u00edst, kter\u00e1 pat\u0159\u00ed k nejzaj\u00edmav\u011bj\u0161\u00edm v z\u00e1padn\u00edch \u010cech\u00e1ch. Pobyt v historick\u00e9m centru m\u011bsta je skute\u010dn\u011b sv\u00e9r\u00e1zn\u00fd, podobnou atmosf\u00e9ru lze za\u017e\u00edt v \u010cesk\u00e9 republice pouze v \u010cesk\u00e9m Krumlov\u011b, jeho\u017e centrum pod z\u00e1meck\u00fdm are\u00e1lem tak\u00e9 obt\u00e9k\u00e1 \u0159\u00ed\u010dn\u00ed koridor. Ov\u0161em v Lokti je ve\u0161ker\u00e1 historick\u00e1 z\u00e1stavba situov\u00e1na na terasovit\u011b stup\u0148ovan\u00e9m skaln\u00edm ostrohu. M\u011bsto se nad \u0159ekou Oh\u0159\u00ed vyp\u00edn\u00e1 jako dominantn\u00ed prvek a tento jev ka\u017edoro\u010dn\u011b obdivuj\u00ed tis\u00edce turist\u016f z mnoha kout\u016f Evropy.  Nenechte si uj\u00edt panoramatick\u00fd v\u00fdhled z Revolu\u010dn\u00ed ulice Vyplat\u00ed se v\u011bnovat alespo\u0148 jeden den prohl\u00eddce m\u011bsta z panoramatick\u00e9 perspektivy, jakou st\u011b\u017e\u00ed m\u016f\u017eete zahl\u00e9dnout n\u011bkde jinde. Ta se v\u00e1m naskytne p\u0159i pohledu z n\u011bkolika vyhl\u00eddkov\u00fdch m\u00edst, a jestli\u017ee vlastn\u00edte kvalitn\u00ed fotoapar\u00e1t, nejl\u00e9pe digit\u00e1ln\u00ed zrcadlovku, m\u00e1te jedine\u010dnou p\u0159\u00edle\u017eitost za dobr\u00e9 viditelnosti zv\u011b\u010dnit do sv\u00e9ho alba skute\u010dn\u00fd klenot na \u0159ece Oh\u0159i. Ulic\u00ed T. G. Masaryka p\u0159eklenete \u017eelezobetonov\u00fd most a za lanov\u00fdm parkem se vyd\u00e1te po proudu \u0159eky pod\u00e9l Revolu\u010dn\u00ed ulice k odstavn\u00e9mu parkovi\u0161ti a turistick\u00e9mu p\u0159\u00edst\u0159e\u0161ku. Odtud vede silnice pod\u00e9l \u0159eky na pokraji lesa a m\u00e1te pak cel\u00e9 m\u011bsto jako na dlani. Pod v\u00e1mi zahl\u00e9dnete Horn\u00ed jez a za n\u00edm \u010d\u00e1st st\u0159edov\u011bk\u00fdch hradeb. Do centra se m\u016f\u017eete vr\u00e1tit pod fotbalov\u00fdm h\u0159i\u0161t\u011bm po l\u00e1vce pro p\u011b\u0161\u00ed, anebo pokra\u010dovat po Tov\u00e1rn\u00ed a Rooseveltov\u011b ulici k pomn\u00edku J. W. Goethe. Ten byl ve sv\u00e9 dob\u011b \u010dast\u00fdm hostem a obdivovatelem m\u011bste\u010dka Loket nad Oh\u0159\u00ed, kter\u00e9 jej tak\u00e9 inspirovalo v jeho dal\u0161\u00ed um\u011bleck\u00e9 tvorb\u011b.                                                                                                                                                                                                                                                                                                                                                                                          4.6\/5 - (7 votes)        "},{"@context":"https:\/\/schema.org\/","@type":"BreadcrumbList","itemListElement":[{"@type":"ListItem","position":1,"name":"Z pensionu Loket za kr\u00e1sami historick\u00fdch pam\u00e1tek m\u011bsta","item":"https:\/\/www.eles-solar.cz\/z-pensionu-loket-za-krasami-historickych-pamatek-mesta\/#breadcrumbitem"}]}]