[{"@context":"https:\/\/schema.org\/","@type":"Article","@id":"https:\/\/www.eles-solar.cz\/vyberu-stredni-skoly-neni-treba-se-obavat\/#Article","mainEntityOfPage":"https:\/\/www.eles-solar.cz\/vyberu-stredni-skoly-neni-treba-se-obavat\/","headline":"V\u00fdb\u011bru st\u0159edn\u00ed \u0161koly nen\u00ed t\u0159eba se ob\u00e1vat","name":"V\u00fdb\u011bru st\u0159edn\u00ed \u0161koly nen\u00ed t\u0159eba se ob\u00e1vat","description":"Je to rozhoduj\u00edc\u00ed rok pro ka\u017ed\u00e9ho \u017e\u00e1ka dev\u00e1t\u00e9 t\u0159\u00eddy. Nastane mu obdob\u00ed, kdy si mus\u00ed vybrat obor, kter\u00fd bude studovat a m\u011bl by se pot\u00e9 &hellip; ","datePublished":"2025-03-02","dateModified":"2023-04-27","author":{"@type":"Person","@id":"https:\/\/www.eles-solar.cz\/author\/#Person","name":"eles-solar.cz\n","url":"https:\/\/www.eles-solar.cz\/author\/","identifier":1,"image":{"@type":"ImageObject","@id":"https:\/\/secure.gravatar.com\/avatar\/9bbe1b3bd68cf5b616cc697a459b86e3be4df6c120806baf939f8aad94b0a3d6?s=96&d=mm&r=g","url":"https:\/\/secure.gravatar.com\/avatar\/9bbe1b3bd68cf5b616cc697a459b86e3be4df6c120806baf939f8aad94b0a3d6?s=96&d=mm&r=g","height":96,"width":96}},"publisher":{"@type":"Organization","name":"eles-solar.cz","logo":{"@type":"ImageObject","@id":"\/logo.png","url":"\/logo.png","width":600,"height":60}},"image":{"@type":"ImageObject","@id":"https:\/\/www.eles-solar.cz\/wp-content\/uploads\/img_a305643_w1742_t1517133392.png","url":"https:\/\/www.eles-solar.cz\/wp-content\/uploads\/img_a305643_w1742_t1517133392.png","height":0,"width":0},"url":"https:\/\/www.eles-solar.cz\/vyberu-stredni-skoly-neni-treba-se-obavat\/","about":["Vzd\u011bl\u00e1n\u00ed"],"wordCount":436,"articleBody":"Je to rozhoduj\u00edc\u00ed rok pro ka\u017ed\u00e9ho \u017e\u00e1ka dev\u00e1t\u00e9 t\u0159\u00eddy. Nastane mu obdob\u00ed, kdy si mus\u00ed vybrat obor, kter\u00fd bude studovat a m\u011bl by se pot\u00e9 tak\u00e9 st\u00e1t jeho zam\u011bstn\u00e1n\u00edm. Na takov\u00e9ho \u017e\u00e1ka se z ka\u017ed\u00e9 strany val\u00ed ot\u00e1zka, zda u\u010dili\u0161t\u011b, st\u0159edn\u00ed \u0161kola anebo snad gymn\u00e1zium. Vybrat spr\u00e1vn\u011b st\u0159edn\u00ed \u0161kolu nen\u00ed ot\u00e1zkou p\u00e1r minut nebo dn\u00ed. Rodi\u010de s d\u00edt\u011btem by m\u011bli diskutovat mnohem d\u0159\u00edve a p\u0159\u00edpravu pot\u00e9 v\u00e9st t\u00edmto sm\u011brem. Ale vztah d\u00edt\u011bte k n\u011bjak\u00e9 profesi se u\u017e u n\u011bkter\u00fdch vyv\u00edj\u00ed od mali\u010dka. A\u0165 u\u017e p\u0159es rodinn\u00e9 tradice nebo koupi prvn\u00edho vl\u00e1\u010dku, traktoru, fotoapar\u00e1tu nebo t\u0159eba dom\u00e1c\u00edho mazl\u00ed\u010dka. Dobr\u00e9 ov\u0161em je, aby i takov\u00e9 d\u011bti v\u011bd\u011bli o v\u0161ech mo\u017enostech, kter\u00e9 maj\u00ed. D\u011btem tak\u00e9 velmi pom\u016f\u017ee s rozhodnut\u00edm n\u00e1v\u0161t\u011bva \u0161kol, o kter\u00e9 m\u00e1 z\u00e1jem. St\u0159edn\u00ed \u0161koly p\u0159\u00edmo po\u0159\u00e1daj\u00ed dny otev\u0159en\u00fdch dve\u0159\u00ed, aby budouc\u00edm student\u016fm uk\u00e1zali, co v\u0161e je mo\u017en\u00e9 na jejich \u0161kole studovat a jak\u00e9 benefity sv\u00fdm student\u016fm nab\u00edzej\u00ed.  Na co p\u0159ikl\u00e1dat v\u00e1hu p\u0159i v\u00fdb\u011bru st\u0159edn\u00ed \u0161koly \u00a7 \u0160kolu vyb\u00edrejte podle z\u00e1jm\u016f d\u00edt\u011bte. Pokud d\u00edt\u011b nem\u00e1 \u017e\u00e1dn\u00e9 z\u00e1jmy tak se zkuste orientovat podle zn\u00e1mek ve \u0161kole a tak\u00e9 toho jak\u00fd p\u0159edm\u011bt ho nejv\u00edce zaj\u00edm\u00e1. \u00a7 V\u00e1hu p\u0159i v\u00fdb\u011bru p\u0159ikl\u00e1dejte doj\u00ed\u017ed\u011bn\u00ed do \u0161koly. Dlouh\u00e9 doj\u00ed\u017ed\u011bn\u00ed do \u0161koly d\u00edt\u011bti neprosp\u011bje a bude po n\u011bjak\u00e9 dob\u011b velmi unaven\u00e9 a otr\u00e1ven\u00e9. \u00a7 Nev\u00e1hejte zjistit zku\u0161enosti rodi\u010d\u016f i d\u011bt\u00ed, kter\u00e9 na \u0161kole o kterou jev\u00edte z\u00e1jem, u\u017e studuj\u00ed \u00a7 Dejte na pocit z osobn\u00ed n\u00e1v\u0161t\u011bvy \u0161koly p\u0159i dni otev\u0159en\u00fdch dve\u0159\u00ed.  D\u00edt\u011b do ni\u010deho nenu\u0165te St\u0159edn\u00edch \u0161kol je opravdu velk\u00e9 mno\u017estv\u00ed v mnoha r\u016fzn\u00fdch oborech. Nen\u00ed tedy zbyte\u010dn\u011b vyvol\u00e1vat paniku a stres. Dop\u0159\u00e1vejte d\u00edt\u011bti rad\u011bji pocit, \u017ee v\u0161echno zvl\u00e1dne. P\u0159i v\u00fdb\u011bru myslete hlavn\u011b na dobro d\u00edt\u011bte a nenu\u0165te ho do oboru, ke kter\u00e9mu nem\u00e1 vztah jen proto, aby se V\u00e1m jako rodi\u010di splnil V\u00e1\u0161 sen. Jedn\u00e1 se toti\u017e o budouc\u00ed \u017eivot Va\u0161eho d\u00edt\u011bte.                                                                                                                                                                                                                                                                                                                                                                                         4.7\/5 - (4 votes)        "},{"@context":"https:\/\/schema.org\/","@type":"BreadcrumbList","itemListElement":[{"@type":"ListItem","position":1,"name":"V\u00fdb\u011bru st\u0159edn\u00ed \u0161koly nen\u00ed t\u0159eba se ob\u00e1vat","item":"https:\/\/www.eles-solar.cz\/vyberu-stredni-skoly-neni-treba-se-obavat\/#breadcrumbitem"}]}]