[{"@context":"https:\/\/schema.org\/","@type":"Article","@id":"https:\/\/www.eles-solar.cz\/nejtezsi-vyber-darku-ceka-u-muzu\/#Article","mainEntityOfPage":"https:\/\/www.eles-solar.cz\/nejtezsi-vyber-darku-ceka-u-muzu\/","headline":"Nejt\u011b\u017e\u0161\u00ed v\u00fdb\u011br d\u00e1rk\u016f \u010dek\u00e1 u mu\u017e\u016f","name":"Nejt\u011b\u017e\u0161\u00ed v\u00fdb\u011br d\u00e1rk\u016f \u010dek\u00e1 u mu\u017e\u016f","description":"Mysl\u00edte si, \u017ee to pr\u00e1v\u011b bude to nejjednodu\u0161\u0161\u00ed, ov\u0161em jen si vzpome\u0148te na V\u00e1noce, Velikonoce, sv\u00e1tky http:\/\/www.mundo.cz\/island\/svatky a v\u00fdro\u010d\u00ed a dal\u0161\u00ed ud\u00e1losti \u2013 vyb\u00edrat d\u00e1rky &hellip; ","datePublished":"2019-12-03","dateModified":"2023-04-27","author":{"@type":"Person","@id":"https:\/\/www.eles-solar.cz\/author\/#Person","name":"eles-solar.cz\n","url":"https:\/\/www.eles-solar.cz\/author\/","identifier":1,"image":{"@type":"ImageObject","@id":"https:\/\/secure.gravatar.com\/avatar\/9bbe1b3bd68cf5b616cc697a459b86e3be4df6c120806baf939f8aad94b0a3d6?s=96&d=mm&r=g","url":"https:\/\/secure.gravatar.com\/avatar\/9bbe1b3bd68cf5b616cc697a459b86e3be4df6c120806baf939f8aad94b0a3d6?s=96&d=mm&r=g","height":96,"width":96}},"publisher":{"@type":"Organization","name":"eles-solar.cz","logo":{"@type":"ImageObject","@id":"\/logo.png","url":"\/logo.png","width":600,"height":60}},"image":{"@type":"ImageObject","@id":"https:\/\/www.eles-solar.cz\/wp-content\/uploads\/img_a368310_w1742_t1580566114.jpg","url":"https:\/\/www.eles-solar.cz\/wp-content\/uploads\/img_a368310_w1742_t1580566114.jpg","height":0,"width":0},"url":"https:\/\/www.eles-solar.cz\/nejtezsi-vyber-darku-ceka-u-muzu\/","about":["V\u00fdrobky"],"wordCount":453,"articleBody":"  Mysl\u00edte si, \u017ee to pr\u00e1v\u011b bude to nejjednodu\u0161\u0161\u00ed, ov\u0161em jen si vzpome\u0148te na V\u00e1noce, Velikonoce, sv\u00e1tky  http:\/\/www.mundo.cz\/island\/svatky a v\u00fdro\u010d\u00ed a dal\u0161\u00ed ud\u00e1losti \u2013 vyb\u00edrat d\u00e1rky pro mu\u017ee je n\u011bco hrozn\u00e9ho. Pro\u010d? Proto\u017ee nic ne\u0159eknou, nic necht\u011bj\u00ed, na nic neukazuj\u00ed. Samoz\u0159ejm\u011b, ne v\u0161ichni jsou takov\u00ed, dobr\u00e1 polovina se u\u017e nau\u010dila, \u017ee je lep\u0161\u00ed si \u0159\u00edci ne\u017e necht\u00edt nic. Ov\u0161em st\u00e1le tu je ta jedna polovina, se kterou prost\u011b nehnete. No jo, pro n\u011b je to jednoduch\u00e9 \u2013 \u017eeny v\u017edycky \u0159eknou, co cht\u011bj\u00ed, ba dokonce i sestav\u00ed seznam jako na Je\u017e\u00ed\u0161ka, aby mu\u017e nemusel nedej bo\u017ee p\u0159em\u00fd\u0161let (proto\u017ee by vybral je\u0161t\u011b n\u011bjakou hloupost). Ale tahle ta p\u016flka mu\u017e\u016f si \u017e\u00e1dn\u00e9 seznamy ned\u011bl\u00e1, ne. Oni v\u00e1s toti\u017e cht\u011bj\u00ed podusit ve vlastn\u00ed \u0161\u0165\u00e1v\u011b. A v\u00ed moc dob\u0159e, \u017ee p\u0159es ten jejich \u00fasm\u011bv a hl\u00e1\u0161ku: \u201eAle v\u017edy\u0165 j\u00e1 nic nechci, m\u011b sta\u010d\u00ed dort \/ n\u011bco dobr\u00e9ho na j\u00eddlo,\u201c nejede vlak a vy se jen tak nem\u016f\u017eete vzteknout, proto\u017ee p\u0159eci nebudete \u0159v\u00e1t za chlapa za jeho skromnost.  Ale b\u016fh je sv\u011bdkem, \u017ee kdy\u017e pot\u00e9 uv\u00e1znete v obchod\u011b nebo u po\u010d\u00edta\u010de na n\u011bkolik hodin a vyb\u00edr\u00e1te n\u011bjakou hloupost, rad\u011bji byste tu skromnost ob\u011btovali. Ono toti\u017e nejt\u011b\u017e\u0161\u00ed je vyb\u00edrat d\u00e1rky n\u011bkomu takov\u00e9mu a je\u0161t\u011b hor\u0161\u00ed je, pokud to mysl\u00ed skute\u010dn\u011b v\u00e1\u017en\u011b, \u017ee nic nechce. Vy se toti\u017e je\u0161t\u011b c\u00edt\u00edte k tomu v\u0161emu blb\u011b, \u017ee si o n\u011bco po\u0159\u00e1d \u0159\u00edk\u00e1te a on tam nechce ani ten dort. To dok\u00e1\u017ee na\u0161tvat do b\u011bla. Ale je pravda, \u017ee jsou \u017eeny, kter\u00e9 to ne\u0159e\u0161\u00ed a nech\u00e1v\u00e1 je to chladn\u00fdmi. V\u00edc pen\u011bz pro n\u011b.  Ov\u0161em pokud v\u00e1m na dan\u00e9m mu\u017ei z\u00e1le\u017e\u00ed a chcete mu n\u011b\u010d\u00edm ud\u011blat radost, nast\u00e1v\u00e1 doslova z\u00e1chvat p\u0159i vyb\u00edr\u00e1n\u00ed vhodn\u00e9ho d\u00e1rku, kter\u00fd tyto velice n\u00e1ro\u010dn\u00e9 v\u011bci spln\u00ed. Je tedy takov\u00fd d\u00e1rek k narozenin\u00e1m, kter\u00fd by n\u011bco takov\u00e9ho dok\u00e1zal? Samoz\u0159ejm\u011b, \u017ee ano! M\u016f\u017eete se toti\u017e pod\u00edvat na na\u0161e webov\u00e9 str\u00e1nky, kter\u00e9 doslova p\u0159ekypuj\u00ed skv\u011bl\u00fdmi n\u00e1pady pro mu\u017ee v\u0161ech kategori\u00ed, v\u0161ech vrstev a v\u0161ech tvar\u016f a velikost\u00ed. Nebudete litovat! A garantujeme v\u00e1m, \u017ee tam najdete n\u011bco i pro va\u0161eho skromn\u00e9ho mu\u017ee.                                                                                                                                                                                                                                                                                                                                                                                          3.9\/5 - (9 votes)        "},{"@context":"https:\/\/schema.org\/","@type":"BreadcrumbList","itemListElement":[{"@type":"ListItem","position":1,"name":"Nejt\u011b\u017e\u0161\u00ed v\u00fdb\u011br d\u00e1rk\u016f \u010dek\u00e1 u mu\u017e\u016f","item":"https:\/\/www.eles-solar.cz\/nejtezsi-vyber-darku-ceka-u-muzu\/#breadcrumbitem"}]}]