[{"@context":"https:\/\/schema.org\/","@type":"Article","@id":"https:\/\/www.eles-solar.cz\/najmete-si-na-gdpr-externi-firmu\/#Article","mainEntityOfPage":"https:\/\/www.eles-solar.cz\/najmete-si-na-gdpr-externi-firmu\/","headline":"Najm\u011bte si na GDPR extern\u00ed firmu","name":"Najm\u011bte si na GDPR extern\u00ed firmu","description":"GDPR je novinkou v ochran\u011b osobn\u00edch \u00fadaj\u016f, kter\u00e1 vstoupila v platnost minul\u00fd rok. T\u00edmto na\u0159\u00edzen\u00edm byl zru\u0161en \u010desk\u00fd z\u00e1kon o ochran\u011b osobn\u00edch \u00fadaj\u016f. Nov\u00e9 na\u0159\u00edzen\u00ed &hellip; ","datePublished":"2019-08-25","dateModified":"2023-04-27","author":{"@type":"Person","@id":"https:\/\/www.eles-solar.cz\/author\/#Person","name":"eles-solar.cz\n","url":"https:\/\/www.eles-solar.cz\/author\/","identifier":1,"image":{"@type":"ImageObject","@id":"https:\/\/secure.gravatar.com\/avatar\/9bbe1b3bd68cf5b616cc697a459b86e3be4df6c120806baf939f8aad94b0a3d6?s=96&d=mm&r=g","url":"https:\/\/secure.gravatar.com\/avatar\/9bbe1b3bd68cf5b616cc697a459b86e3be4df6c120806baf939f8aad94b0a3d6?s=96&d=mm&r=g","height":96,"width":96}},"publisher":{"@type":"Organization","name":"eles-solar.cz","logo":{"@type":"ImageObject","@id":"\/logo.png","url":"\/logo.png","width":600,"height":60}},"image":{"@type":"ImageObject","@id":"https:\/\/www.eles-solar.cz\/wp-content\/uploads\/img_a359880_w1742_t1573821240.jpg","url":"https:\/\/www.eles-solar.cz\/wp-content\/uploads\/img_a359880_w1742_t1573821240.jpg","height":0,"width":0},"url":"https:\/\/www.eles-solar.cz\/najmete-si-na-gdpr-externi-firmu\/","about":["V\u00fdrobky"],"wordCount":364,"articleBody":"GDPR je novinkou v ochran\u011b osobn\u00edch \u00fadaj\u016f, kter\u00e1 vstoupila v platnost minul\u00fd rok. T\u00edmto na\u0159\u00edzen\u00edm byl zru\u0161en \u010desk\u00fd z\u00e1kon o ochran\u011b osobn\u00edch \u00fadaj\u016f. Nov\u00e9 na\u0159\u00edzen\u00ed spolu p\u0159ineslo spoustu nov\u00fdch pravidel, kter\u00e1 je nutn\u00e9 dodr\u017eovat. Pokud by tomu tak nebylo, \u010dek\u00e1 na firmu nemal\u00e1 finan\u010dn\u00ed sankce. Ka\u017ed\u00e1 firma, obec nebo jak\u00e1koliv instituce mus\u00ed m\u00edt sv\u00e9ho pov\u011b\u0159ence GDPR, kter\u00fd bude dohl\u00ed\u017eet na to, \u017ee podnik spl\u0148uje v\u0161echna na\u0159\u00edzen\u00ed. To, \u017ee bylo nutn\u00e9, aby vnikli ext\u00e9rn\u00ed firmy nebo odborn\u00edci, kte\u0159\u00ed se zab\u00fdvaj\u00ed p\u0159\u00edmo touto problematikou, bylo naprosto nutn\u00e9, nebo\u0165 \u010dlov\u011bk, kter\u00fd se v problematice denn\u011b neorientuje, nem\u00e1 \u0161anci dodr\u017eet v\u0161echny soun\u00e1le\u017eitosti, kter\u00e9 na\u0159\u00edzen\u00ed p\u0159in\u00e1\u0161\u00ed. Ov\u0161em mnoho podnik\u016f nem\u00e1 finan\u010dn\u00ed prost\u0159edky na to, aby si mohlo dovolit zam\u011bstnat nov\u00e9ho \u010dlov\u011bka na tuto pozici. Zejm\u00e9na proto za\u010dali vznikat extern\u00ed firmy, kter\u00e9 zam\u011bstn\u00e1vaj\u00ed odborn\u00edky v oboru a za m\u011bs\u00ed\u010dn\u00ed p\u0159edplatn\u00e9 poskytuj\u00ed podnik\u016fm poradenskou \u010dinnost. Variantou extern\u00ed spolupr\u00e1ce se rozhodlo j\u00edt i mnoho obc\u00ed. Gdpr pro obce je naprostou nutnost\u00ed, nebo\u0165 st\u00e1tn\u00ed sektor zach\u00e1z\u00ed s osobn\u00edmi \u00fadaji obyvatelstva opravdu ve velk\u00e9 m\u00ed\u0159e. Nedodr\u017eov\u00e1n\u00ed n\u011bkter\u00fdch pravidel by obce mohlo st\u00e1t nemal\u00e9 pen\u00edze. Tito extern\u00ed pracovn\u00edci maj\u00ed za \u00fakol zejm\u00e9na d\u011blat \u0161koln\u00ed zam\u011bstnanc\u016f, prov\u00e1d\u011bt reviz\u00ed dokument\u016f a smluv v\u0161ech druh\u016f, dohl\u00ed\u017eet na webov\u00e9 str\u00e1nky a informace, kter\u00e9 jsou na nich publikovan\u00e9 a mnoho dal\u0161\u00edho. Z\u00e1rove\u0148 se neust\u00e1le staraj\u00ed o anal\u00fdzu sou\u010dasn\u00e9ho stavu v\u0161ech dokument\u016f, anal\u00fdzou v\u0161ech rizik, kter\u00e1 mohou vzniknout s nedodr\u017een\u00edm z\u00e1sad a v neposledn\u00ed \u0159ad\u011b n\u00e1pravou v\u0161ech nastal\u00fdch chyb. Ve zkratce tyto ext\u00e9rn\u00ed firmy obstar\u00e1vaj\u00ed ve\u0161ker\u00e9 \u010dinnosti spojen\u00e9 s touto problematikou, ke kter\u00fdm na obci nen\u00ed \u017e\u00e1dn\u00e1 kompetentn\u00ed osoba. P\u0159itom se jedn\u00e1 o ekonomickou variantu, nebo\u0165 nen\u00ed nutn\u00e9 platit z rozpo\u010dtu obce dal\u0161\u00edho, plnohodnotn\u011b zam\u011bstnan\u00e9ho, \u010dlov\u011bka.                                                                                                                                                                                                                                                                                                                                                                                        4.8\/5 - (5 votes)        "},{"@context":"https:\/\/schema.org\/","@type":"BreadcrumbList","itemListElement":[{"@type":"ListItem","position":1,"name":"Najm\u011bte si na GDPR extern\u00ed firmu","item":"https:\/\/www.eles-solar.cz\/najmete-si-na-gdpr-externi-firmu\/#breadcrumbitem"}]}]