[{"@context":"https:\/\/schema.org\/","@type":"Article","@id":"https:\/\/www.eles-solar.cz\/na-vanoce-setrete-jiz-nyni\/#Article","mainEntityOfPage":"https:\/\/www.eles-solar.cz\/na-vanoce-setrete-jiz-nyni\/","headline":"Na V\u00e1noce \u0161et\u0159ete ji\u017e nyn\u00ed!","name":"Na V\u00e1noce \u0161et\u0159ete ji\u017e nyn\u00ed!","description":"Pokud nechcete dopadnout jako velk\u00e1 \u0159\u00e1dka \u010cechu, tedy se nechcete zadlu\u017eit deseti tis\u00edci korun a v\u00edce, m\u011bli byste ji\u017e nyn\u00ed v p\u016flce roku pomalu odkl\u00e1dat &hellip; ","datePublished":"2018-05-07","dateModified":"2023-04-27","author":{"@type":"Person","@id":"https:\/\/www.eles-solar.cz\/author\/#Person","name":"eles-solar.cz\n","url":"https:\/\/www.eles-solar.cz\/author\/","identifier":1,"image":{"@type":"ImageObject","@id":"https:\/\/secure.gravatar.com\/avatar\/9bbe1b3bd68cf5b616cc697a459b86e3be4df6c120806baf939f8aad94b0a3d6?s=96&d=mm&r=g","url":"https:\/\/secure.gravatar.com\/avatar\/9bbe1b3bd68cf5b616cc697a459b86e3be4df6c120806baf939f8aad94b0a3d6?s=96&d=mm&r=g","height":96,"width":96}},"publisher":{"@type":"Organization","name":"eles-solar.cz","logo":{"@type":"ImageObject","@id":"\/logo.png","url":"\/logo.png","width":600,"height":60}},"image":{"@type":"ImageObject","@id":"https:\/\/www.eles-solar.cz\/wp-content\/uploads\/img_a318571_w1742_t1529403443.jpg","url":"https:\/\/www.eles-solar.cz\/wp-content\/uploads\/img_a318571_w1742_t1529403443.jpg","height":0,"width":0},"url":"https:\/\/www.eles-solar.cz\/na-vanoce-setrete-jiz-nyni\/","about":["Pen\u00edze"],"wordCount":431,"articleBody":" Pokud nechcete dopadnout jako velk\u00e1 \u0159\u00e1dka \u010cechu, tedy se nechcete zadlu\u017eit deseti tis\u00edci korun a v\u00edce, m\u011bli byste ji\u017e nyn\u00ed v p\u016flce roku pomalu odkl\u00e1dat n\u011bjakou \u010d\u00e1st v\u00fdplaty bokem, abyste na V\u00e1noce m\u011bli kam s\u00e1hnout a nemuseli si opravdu pen\u00edze p\u016fj\u010dovat . I kdy\u017e by toto obdob\u00ed m\u011blo b\u00fdt ve znamen\u00ed klidu a pohody, v\u011bt\u0161inou se naopak jedn\u00e1 o obdob\u00ed hektick\u00e9, o obdob\u00ed zvy\u0161ov\u00e1n\u00ed rodinn\u00fdch v\u00fddaj\u016f na d\u00e1rky, v\u00fdlety, j\u00eddlo, alkohol a z\u00e1bavu. Zaj\u00edmav\u00e9 je, \u017ee dle n\u011bkter\u00fdch dostupn\u00fdch informac\u00ed si v minulosti p\u016fj\u010doval na V\u00e1noce ka\u017ed\u00fd osm\u00fd \u010cech! Nen\u00ed ov\u0161em divu, reklamn\u00ed kampan\u011b ji\u017e ne\u00fato\u010d\u00ed jen na n\u00e1s v tom smyslu, \u017ee bychom n\u011bjak\u00e9 zbo\u017e\u00ed m\u011bli m\u00edt, ale \u00fato\u010d\u00ed v posledn\u00edch letech tak\u00e9 na na\u0161e emoce a podv\u011bdom\u00ed, co\u017e znamen\u00e1 \u017ee v\u011bt\u0161ina z n\u00e1s nedok\u00e1\u017ee odol\u00e1vat tlaku a vrh\u00e1 se strm\u011b do nakupov\u00e1n\u00ed.Je nutn\u00e9 si p\u016fj\u010dovat? Podle odborn\u00edk\u016f na finance, ale tak\u00e9 dle odborn\u00edku na lidsk\u00e9 chov\u00e1n\u00ed, by m\u011bly spot\u0159ebitelsk\u00e9 \u00fav\u011bry b\u00fdt vyu\u017e\u00edv\u00e1ny pouze v p\u0159\u00edpad\u011b, \u017ee n\u011bco opravdu nutn\u00e9 pot\u0159ebujeme. V ka\u017ed\u00e9m p\u0159\u00edpad\u011b by m\u011blo platit pravidlo toho, \u017ee pokud si na n\u011bco \u00fav\u011br bereme, m\u011bli bychom ho spl\u00e1cet jen po dobu, kdy si u\u017e\u00edv\u00e1me dan\u00e9ho produktu, Proto nen\u00ed v\u016fbec rozumn\u00e9 se zadlu\u017eit kv\u016fli hezk\u00e9mu \u0160t\u011bdr\u00e9mu dni a pak m\u00edt nep\u0159\u00edjemn\u00fd cel\u00fd rok kv\u016fli platb\u00e1m. Dal\u0161\u00edm a\u017e alarmuj\u00edc\u00edm faktem je to, \u017ee n\u011bkter\u00e9 dom\u00e1cnosti si p\u016fj\u010duj\u00ed a ji\u017e p\u0159edem v\u011bd\u00ed, \u017ee si spl\u00e1cen\u00ed m\u011bs\u00ed\u010dn\u00edch plateb nemohou v\u016fbec dovolit. Z\u00e1v\u011brem je tedy nutn\u00e9 konstatovat, \u017ee br\u00e1t si \u00fav\u011br by m\u011blo b\u00fdt a\u017e krajn\u00edm \u0159e\u0161en\u00edm v moment\u011b, kdy si nem\u016f\u017eete dovolit koupit jistou v\u011bc. I to v\u0161ak m\u00e1 podm\u00ednky. Pokud toti\u017e na v\u011bc nem\u00e1te bokem na\u0161et\u0159eno, v\u016fbec byste jej\u00ed n\u00e1kup nem\u011bli zva\u017eovat. Zv\u00e1\u017eit n\u00e1kup na \u00fav\u011br byste tedy m\u011bli v moment\u011b, kdy m\u00e1te po ruce adekv\u00e1tn\u00ed \u010d\u00e1stku, kterou si v\u0161ak chcete nechat pro p\u0159\u00edpad nouze \u010di n\u011bjakou neo\u010dek\u00e1vanou situaci.                                                                                                                                                                                                                                                                                                                                                                                         3.9\/5 - (7 votes)        "},{"@context":"https:\/\/schema.org\/","@type":"BreadcrumbList","itemListElement":[{"@type":"ListItem","position":1,"name":"Na V\u00e1noce \u0161et\u0159ete ji\u017e nyn\u00ed!","item":"https:\/\/www.eles-solar.cz\/na-vanoce-setrete-jiz-nyni\/#breadcrumbitem"}]}]