[{"@context":"https:\/\/schema.org\/","@type":"Article","@id":"https:\/\/www.eles-solar.cz\/jestli-se-vam-rychle-masti-vlasy-mozna-si-je-spatne-umyvate\/#Article","mainEntityOfPage":"https:\/\/www.eles-solar.cz\/jestli-se-vam-rychle-masti-vlasy-mozna-si-je-spatne-umyvate\/","headline":"Jestli se v\u00e1m rychle mast\u00ed vlasy, mo\u017en\u00e1 si je \u0161patn\u011b um\u00fdv\u00e1te","name":"Jestli se v\u00e1m rychle mast\u00ed vlasy, mo\u017en\u00e1 si je \u0161patn\u011b um\u00fdv\u00e1te","description":"Umyjete si hlavu a u\u017e dal\u0161\u00ed den ji m\u00e1te mastnou. Je to v\u00e1\u0161 p\u0159\u00edpad? Pak byste se rozhodn\u011b m\u011bli za\u010d\u00edst do tohoto \u010dl\u00e1nku, nejsp\u00ed\u0161 budete &hellip; ","datePublished":"2023-04-27","dateModified":"2023-04-27","author":{"@type":"Person","@id":"https:\/\/www.eles-solar.cz\/author\/#Person","name":"eles-solar.cz\n","url":"https:\/\/www.eles-solar.cz\/author\/","identifier":1,"image":{"@type":"ImageObject","@id":"https:\/\/secure.gravatar.com\/avatar\/9bbe1b3bd68cf5b616cc697a459b86e3be4df6c120806baf939f8aad94b0a3d6?s=96&d=mm&r=g","url":"https:\/\/secure.gravatar.com\/avatar\/9bbe1b3bd68cf5b616cc697a459b86e3be4df6c120806baf939f8aad94b0a3d6?s=96&d=mm&r=g","height":96,"width":96}},"publisher":{"@type":"Organization","name":"eles-solar.cz","logo":{"@type":"ImageObject","@id":"\/logo.png","url":"\/logo.png","width":600,"height":60}},"url":"https:\/\/www.eles-solar.cz\/jestli-se-vam-rychle-masti-vlasy-mozna-si-je-spatne-umyvate\/","about":["Kr\u00e1sa"],"wordCount":388,"articleBody":" Umyjete si hlavu a u\u017e dal\u0161\u00ed den ji m\u00e1te mastnou. Je to v\u00e1\u0161 p\u0159\u00edpad? Pak byste se rozhodn\u011b m\u011bli za\u010d\u00edst do tohoto \u010dl\u00e1nku, nejsp\u00ed\u0161 budete p\u0159ekvapeni.&#13; \u00b7 Um\u00fdv\u00e1n\u00ed vlas\u016f je ban\u00e1ln\u00ed z\u00e1le\u017eitost&#13; Inu, spousta lid\u00ed si to mysl\u00ed, ale zd\u00e1 se, \u017ee je to naopak. Ne ka\u017ed\u00fd si sv\u00e9 vlasy myje spr\u00e1vn\u011b. Na spr\u00e1vn\u00e9m myt\u00ed z\u00e1le\u017e\u00ed, pokud chcete m\u00edt zdrav\u00e9, leskl\u00e9 a siln\u00e9 vlasy, kter\u00e9 se nebudou l\u00e1mat.&#13; &#13; &#13; Jak si spr\u00e1vn\u011b m\u00fdt vlasy?&#13; \u00b7 Vyberte spr\u00e1vn\u00fd \u0161ampon&#13; Nejprve si mus\u00edte vybrat ten \u0161ampon, jak\u00fd bude vyhovovat pr\u00e1v\u011b v\u00e1m. M\u016f\u017eete si vybrat na vlasy barven\u00e9, mel\u00edrovan\u00e9, such\u00e9, jemn\u00e9, mastn\u00e9 nebo t\u0159eba vlnit\u00e9. Ve druh\u00e9 \u0159ad\u011b byste si ten \u0161ampon m\u011bly vybrat podle toho, co od n\u011bj o\u010dek\u00e1v\u00e1te, tedy jak\u00e9 vlasy budete po tom \u0161amponu m\u00edt. Op\u011bt m\u00e1te na v\u00fdb\u011br z n\u011bkolika mo\u017enost\u00ed: lesk, regenerace, ochrana, v\u011bt\u0161\u00ed objem a podobn\u011b. &#13; &#13; Pokud m\u00e1te vlnit\u00e9 vlasy, pot\u0159ebujete hluboce hydrata\u010dn\u00ed \u0161ampon. Pokud m\u00e1te vlasy nav\u00edc i barven\u00e9, pou\u017eijte regenera\u010dn\u00ed kondicion\u00e9r po hluboce hydrata\u010dn\u00edm \u0161amponu.&#13; &#13; Pokud m\u00e1te vlasy such\u00e9 a mel\u00edrovan\u00e9, volte \u0161ampon na such\u00e9 vlasy a kondicion\u00e9r pro mel\u00edrovan\u00e9 vlasy.&#13; &#13; Pokud v\u00e1s tr\u00e1p\u00ed lupy, v prv\u00e9 \u0159ad\u011b myslete na \u0161ampon proti lup\u016fm a pokud chcete v\u011bt\u0161\u00ed lesk nebo v\u011bt\u0161\u00ed objem, tento probl\u00e9m \u0159e\u0161te a\u017e kondicion\u00e9rem.&#13; \u00b7 V\u00edce je m\u00e9n\u011b&#13; Pamatujte, \u017ee p\u0159\u00edli\u0161 mnoho \u0161amponu op\u011bt podporuje v\u011bt\u0161\u00ed ma\u0161t\u011bn\u00ed vlas\u016f. Proto pou\u017e\u00edvejte jenom mal\u00e9 mno\u017estv\u00ed. To nav\u00edc do poko\u017eky hlavy ne\u0161kr\u00e1bejte nehty, ale pouze jemn\u011b mas\u00edrujte b\u0159\u00ed\u0161ky prst\u016f.&#13; &#13; \u00b7 Nap\u011bnit v dlan\u00edch&#13; Nejd\u0159\u00edv \u0161ampon nap\u011b\u0148te v lani a a\u017e potom ho aplikujte do vlas\u016f. Nenech\u00e1vejte \u0161ampon na vlasech p\u0159\u00edli\u0161 dlouho.&#13; \u00b7 T\u0159ikr\u00e1t t\u00fddn\u011b&#13; Ide\u00e1ln\u00ed je m\u00fdt si vlasy t\u0159ikr\u00e1t do t\u00fddne. Pokud je to mo\u017en\u00e9, nemyjte si vlasy \u010dast\u011bji, proto\u017ee to op\u011bt jenom podporuje v\u011bt\u0161\u00ed ma\u0161t\u011bn\u00ed od ko\u0159\u00ednk\u016f vlas\u016f. M\u00edsto toho rad\u011bji pou\u017eijte such\u00fd \u0161ampon.&#13;                                                                                                                                                                                                                                                                                                                                                                                        4.7\/5 - (6 votes)        "},{"@context":"https:\/\/schema.org\/","@type":"BreadcrumbList","itemListElement":[{"@type":"ListItem","position":1,"name":"Jestli se v\u00e1m rychle mast\u00ed vlasy, mo\u017en\u00e1 si je \u0161patn\u011b um\u00fdv\u00e1te","item":"https:\/\/www.eles-solar.cz\/jestli-se-vam-rychle-masti-vlasy-mozna-si-je-spatne-umyvate\/#breadcrumbitem"}]}]