[{"@context":"https:\/\/schema.org\/","@type":"Article","@id":"https:\/\/www.eles-solar.cz\/jakeho-domaciho-mazlicka-diteti-poridit\/#Article","mainEntityOfPage":"https:\/\/www.eles-solar.cz\/jakeho-domaciho-mazlicka-diteti-poridit\/","headline":"Jak\u00e9ho dom\u00e1c\u00edho mazl\u00ed\u010dka d\u00edt\u011bti po\u0159\u00eddit","name":"Jak\u00e9ho dom\u00e1c\u00edho mazl\u00ed\u010dka d\u00edt\u011bti po\u0159\u00eddit","description":"Nal\u00e9h\u00e1n\u00ed d\u00edt\u011bti jste podlehli a je na \u0159ad\u011b vybrat to spr\u00e1vn\u00e9 zv\u00ed\u0159\u00e1tko. Pokud m\u00e1 d\u00edt\u011b p\u0159\u00edmo p\u0159edstavu, je to super jeliko\u017e se m\u00e1te od \u010deho &hellip; ","datePublished":"2025-03-01","dateModified":"2023-04-27","author":{"@type":"Person","@id":"https:\/\/www.eles-solar.cz\/author\/#Person","name":"eles-solar.cz\n","url":"https:\/\/www.eles-solar.cz\/author\/","identifier":1,"image":{"@type":"ImageObject","@id":"https:\/\/secure.gravatar.com\/avatar\/9bbe1b3bd68cf5b616cc697a459b86e3be4df6c120806baf939f8aad94b0a3d6?s=96&d=mm&r=g","url":"https:\/\/secure.gravatar.com\/avatar\/9bbe1b3bd68cf5b616cc697a459b86e3be4df6c120806baf939f8aad94b0a3d6?s=96&d=mm&r=g","height":96,"width":96}},"publisher":{"@type":"Organization","name":"eles-solar.cz","logo":{"@type":"ImageObject","@id":"\/logo.png","url":"\/logo.png","width":600,"height":60}},"image":{"@type":"ImageObject","@id":"https:\/\/www.eles-solar.cz\/wp-content\/uploads\/img_a305648_w1742_t1517134817.jpg","url":"https:\/\/www.eles-solar.cz\/wp-content\/uploads\/img_a305648_w1742_t1517134817.jpg","height":0,"width":0},"url":"https:\/\/www.eles-solar.cz\/jakeho-domaciho-mazlicka-diteti-poridit\/","about":["Zv\u00ed\u0159ata"],"wordCount":431,"articleBody":"Nal\u00e9h\u00e1n\u00ed d\u00edt\u011bti jste podlehli a je na \u0159ad\u011b vybrat to spr\u00e1vn\u00e9 zv\u00ed\u0159\u00e1tko. Pokud m\u00e1 d\u00edt\u011b p\u0159\u00edmo p\u0159edstavu, je to super jeliko\u017e se m\u00e1te od \u010deho odp\u00edchnout, zda je to v\u016fbec re\u00e1ln\u00e9. Pokud p\u0159edstavu nem\u00e1 a chce se prost\u011b o n\u011bjak\u00e9 zv\u00ed\u0159\u00e1tko starat, mus\u00edte spojit hlavy dohromady a vybrat zv\u00ed\u0159ec\u00edho v\u00edt\u011bze. Psychologov\u00e9 doporu\u010duj\u00ed d\u00edt\u011bti zv\u00ed\u0159ec\u00edho mazl\u00ed\u010dka po\u0159\u00eddit. A to z d\u016fvodu pozitivn\u00edho rozvoje d\u00edt\u011bte. D\u016fle\u017eit\u00e9 si na za\u010d\u00e1tku uv\u011bdomit kde bydl\u00edte a zda se tam zv\u00ed\u0159e hod\u00ed. Pokud Va\u0161e d\u00edt\u011b \u017eadon\u00ed po dobrmanovi a vy ob\u00fdv\u00e1te t\u0159\u00ed pokojov\u00fd byt v panel\u00e1ku, je na snaze mu vysv\u011btlit, \u017ee by zde pejsek trp\u011bl. Nezapom\u00ednejte, \u017ee zodpov\u011bdnost za zv\u00ed\u0159e bere na sebe v\u017edy rodi\u010d bez ohledu na to kolik, je d\u00edt\u011bti let. A nezruinuje zv\u00ed\u0159e rodinn\u00fd rozpo\u010det?  Po\u0159\u00edzen\u00ed zv\u00ed\u0159ete m\u016f\u017ee za\u010d\u00edt na desetikorun\u00e1ch za my\u0161i, mor\u010de nebo rybi\u010dky, ale tak\u00e9 n\u011bkolik tis\u00edc za vy\u0161lecht\u011bn\u00e9 psy, ko\u010dky nebo papou\u0161ky. Nezapom\u00ednejte, \u017ee k tomu mus\u00edte dokoupit r\u016fzn\u00e9 klece, ohr\u00e1dky, pel\u00ed\u0161ky, hra\u010dky, ale tak\u00e9 pravideln\u011b nakupovat krmivo.   Nenakaz\u00ed se d\u00edt\u011b od zv\u00ed\u0159ete Spousta maminek se hroz\u00ed p\u0159i ka\u017ed\u00e9m ol\u00edznut\u00ed zv\u00ed\u0159ete d\u00edt\u011bte. Je i prok\u00e1zan\u00e9, \u017ee pokud d\u00edt\u011b vyr\u016fst\u00e1 od mala se zv\u00ed\u0159etem, je ni\u017e\u0161\u00ed pravd\u011bpodobnost v\u00fdskytu alergie. Nezapom\u00ednejte ov\u0161em na b\u011b\u017en\u00e9 hygienick\u00e9 n\u00e1vyky, kter\u00e9 d\u00edt\u011b u\u010dte od prvn\u00edho okam\u017eiku po\u0159\u00edzen\u00ed mazl\u00ed\u010dka a nezapom\u00ednejte na pravideln\u00e9 veterin\u00e1rn\u00ed vy\u0161et\u0159en\u00ed. Jak\u00fd v\u011bk je ide\u00e1ln\u00ed na po\u0159\u00edzen\u00ed dom\u00e1c\u00edho mazl\u00ed\u010dka V prvn\u00edch letech d\u00edt\u011bte m\u016f\u017eete ur\u010dit\u011b m\u00edt doma zv\u00ed\u0159\u00e1tko, nicm\u00e9n\u011b je d\u016fle\u017eit\u00e9 d\u00e1vat pozor a nenech\u00e1vat d\u00edt\u011b s n\u00edm samotn\u00e9. Ve v\u011bku 4-6 let dok\u00e1\u017ee d\u00edt\u011b ch\u00e1pat z\u00e1kladn\u00ed pot\u0159eby jako to, \u017ee zv\u00ed\u0159e se nebud\u00ed ze sp\u00e1nku, \u017ee miska na \u017er\u00e1dlo je opravdu zv\u00ed\u0159ete a tak\u00e9, \u017ee se zv\u00ed\u0159e nesm\u00ed tr\u00e1pit. Od v\u011bku 6 let u\u017e je d\u00edt\u011b schopn\u00e9 se o zv\u00ed\u0159e samostatn\u011b starat a m\u016f\u017ee si s n\u00edm i samostatn\u011b hr\u00e1t.                                                                                                                                                                                                                                                                                                                                                                                         4\/5 - (6 votes)        "},{"@context":"https:\/\/schema.org\/","@type":"BreadcrumbList","itemListElement":[{"@type":"ListItem","position":1,"name":"Jak\u00e9ho dom\u00e1c\u00edho mazl\u00ed\u010dka d\u00edt\u011bti po\u0159\u00eddit","item":"https:\/\/www.eles-solar.cz\/jakeho-domaciho-mazlicka-diteti-poridit\/#breadcrumbitem"}]}]