[{"@context":"https:\/\/schema.org\/","@type":"Article","@id":"https:\/\/www.eles-solar.cz\/co-doma-prichystat-nez-prileti-cap\/#Article","mainEntityOfPage":"https:\/\/www.eles-solar.cz\/co-doma-prichystat-nez-prileti-cap\/","headline":"Co doma p\u0159ichystat, ne\u017e p\u0159ilet\u00ed \u010d\u00e1p","name":"Co doma p\u0159ichystat, ne\u017e p\u0159ilet\u00ed \u010d\u00e1p","description":"V\u0161echny budouc\u00ed maminky cht\u011bj\u00ed pro sv\u00e9 d\u011bti to nejlep\u0161\u00ed. Tak\u017ee se \u010dasto st\u00e1v\u00e1, \u017ee se nechaj\u00ed v obchodech \u201eun\u00e9st\u201c a po\u0159\u00edd\u00ed pro n\u011b opravdu mnoho &hellip; ","datePublished":"2019-04-16","dateModified":"2023-04-27","author":{"@type":"Person","@id":"https:\/\/www.eles-solar.cz\/author\/#Person","name":"eles-solar.cz\n","url":"https:\/\/www.eles-solar.cz\/author\/","identifier":1,"image":{"@type":"ImageObject","@id":"https:\/\/secure.gravatar.com\/avatar\/9bbe1b3bd68cf5b616cc697a459b86e3be4df6c120806baf939f8aad94b0a3d6?s=96&d=mm&r=g","url":"https:\/\/secure.gravatar.com\/avatar\/9bbe1b3bd68cf5b616cc697a459b86e3be4df6c120806baf939f8aad94b0a3d6?s=96&d=mm&r=g","height":96,"width":96}},"publisher":{"@type":"Organization","name":"eles-solar.cz","logo":{"@type":"ImageObject","@id":"\/logo.png","url":"\/logo.png","width":600,"height":60}},"image":{"@type":"ImageObject","@id":"https:\/\/www.eles-solar.cz\/wp-content\/uploads\/img_a344264_w1742_t1557822476.jpg","url":"https:\/\/www.eles-solar.cz\/wp-content\/uploads\/img_a344264_w1742_t1557822476.jpg","height":0,"width":0},"url":"https:\/\/www.eles-solar.cz\/co-doma-prichystat-nez-prileti-cap\/","about":["V\u00fdrobky"],"wordCount":434,"articleBody":"       V\u0161echny budouc\u00ed maminky cht\u011bj\u00ed pro sv\u00e9 d\u011bti to nejlep\u0161\u00ed. Tak\u017ee se \u010dasto st\u00e1v\u00e1, \u017ee se nechaj\u00ed v obchodech \u201eun\u00e9st\u201c a po\u0159\u00edd\u00ed pro n\u011b opravdu mnoho v\u011bc\u00ed. N\u011bkter\u00e9 opravdu pot\u0159ebuj\u00ed hned. Jin\u00e9 ale a\u017e pozd\u011bji. A pak jsou i takov\u00e9, bez kter\u00fdch se v pohod\u011b obejdou. Jak se v tom vyznat?  Co pot\u0159ebuj\u00ed hned Ud\u011blat dostate\u010dn\u00e9 z\u00e1soby oble\u010den\u00ed pro miminka, to je dobr\u00fd n\u00e1pad. Mr\u0148ouskov\u00e9 ho dok\u00e1\u017e\u00ed dost \u201espot\u0159ebovat\u201c. P\u0159iprav\u00edme p\u0159edev\u0161\u00edm to na b\u011b\u017en\u00e9 no\u0161en\u00ed. Bod\u00fd\u010dka, dupa\u010dky a py\u017eamka by m\u011bla b\u00fdt z p\u0159\u00edjemn\u00e9ho a zdrav\u00e9ho materi\u00e1lu, nejlep\u0161\u00ed je bavlna. Nem\u00e1 cenu nakupovat p\u0159\u00edli\u0161 mnoho oble\u010dk\u016f v t\u011bch nejmen\u0161\u00edch velikostech, proto\u017ee miminka opravdu \u201erostou p\u0159ed o\u010dima\u201c. Nebo se u\u017e narod\u00ed v\u011bt\u0161\u00ed a do n\u011bkter\u00fdch kousk\u016f se zkr\u00e1tka pak nevejdou. Naopak do v\u011bt\u0161\u00edch dorostou velmi rychle! D\u016fle\u017eit\u00e9 je tak\u00e9 p\u0159izp\u016fsobit v\u00fdb\u011br oble\u010den\u00ed ro\u010dn\u00edmu obdob\u00ed, kdy p\u0159\u00edchod d\u011b\u0165\u00e1tka o\u010dek\u00e1v\u00e1me. Nap\u0159\u00edklad t\u011bm, co se narod\u00ed na ja\u0159e, nem\u00e1 cenu po\u0159izovat nejmen\u0161\u00ed zimn\u00ed oble\u010dky. V zim\u011b by jim pak ur\u010dit\u011b byly mal\u00e9. M\u00edt v\u011bt\u0161\u00ed z\u00e1sobu plen nen\u00ed tak\u00e9 \u0161patn\u00fd n\u00e1pad! Nejmen\u0161\u00ed miminka jich pot\u0159ebuj\u00ed asi osm za den! Krom\u011b \u201ejednor\u00e1zovek\u201c si ur\u010dit\u011b p\u0159ichyst\u00e1me i p\u00e1r klasick\u00fdch bavln\u011bn\u00fdch. Jsou vysoce sav\u00e9 a vhodn\u00e9 na ut\u00edr\u00e1n\u00ed a su\u0161en\u00ed. Tak\u00e9 se hod\u00ed vlh\u010den\u00e9 ubrousky. D\u00e1le je pot\u0159eba m\u00edt nachystanou vani\u010dku a d\u011btskou kosmetiku do koupele a po koupeli. Kupujeme jen kvalitn\u00ed p\u0159\u00edpravky, kter\u00e9 jsou ur\u010deny pro citlivou poko\u017eku miminek! Velice opatrn\u011b vyb\u00edr\u00e1me i dudl\u00ed\u010dky a lahvi\u010dky! Samoz\u0159ejm\u011b mus\u00ed doma \u010dekat bezpe\u010dn\u00e1 post\u00fdlka s kvalitn\u00ed matrac\u00ed pro dobr\u00fd sp\u00e1nek, a tak\u00e9 ko\u010d\u00e1rek a autoseda\u010dka na cestov\u00e1n\u00ed. Vhodn\u00e9 jsou modely, kter\u00e9 s d\u011btmi \u201erostou\u201c a nemus\u00ed se \u010dasto m\u011bnit.  Co ani moc nepot\u0159ebuj\u00ed  drah\u00e9 p\u0159ebalovac\u00ed pulty \u2013 sta\u010d\u00ed p\u0159ebalovac\u00ed podlo\u017eka drah\u00e9 \u201eroztomil\u00e9\u201c oble\u010dky, kter\u00e9 jsou sp\u00ed\u0161e kost\u00fdmem na jedno pou\u017eit\u00ed (vyfocen\u00ed) p\u0159\u00edli\u0161 mnoho ply\u0161\u00e1k\u016f (pro nejmen\u0161\u00ed miminka jsou vhodn\u011bj\u0161\u00ed omyvateln\u00e9 hra\u010dky bez chloupk\u016f) drah\u00e9 \u201ekoloto\u010de\u201c a podobn\u00e9 kreativity nad post\u00fdlku (novorozenci je zat\u00edm stejn\u011b nevn\u00edmaj\u00ed, je na n\u011b \u010das pozd\u011bji)                                                                                                                                                                                                                                                                                                                                                                                          3.8\/5 - (6 votes)        "},{"@context":"https:\/\/schema.org\/","@type":"BreadcrumbList","itemListElement":[{"@type":"ListItem","position":1,"name":"Co doma p\u0159ichystat, ne\u017e p\u0159ilet\u00ed \u010d\u00e1p","item":"https:\/\/www.eles-solar.cz\/co-doma-prichystat-nez-prileti-cap\/#breadcrumbitem"}]}]